{"id":2232,"date":"2025-07-20T18:14:06","date_gmt":"2025-07-20T16:14:06","guid":{"rendered":"https:\/\/www.lasher.com.pl\/blog\/?p=2232"},"modified":"2025-08-06T18:18:29","modified_gmt":"2025-08-06T16:18:29","slug":"czy-posciel-z-mikrofibry-jest-dobra","status":"publish","type":"post","link":"https:\/\/www.lasher.com.pl\/blog\/czy-posciel-z-mikrofibry-jest-dobra","title":{"rendered":"Czy po\u015bciel z mikrofibry jest dobra?"},"content":{"rendered":"\n<p>Syntetyczne pochodzenie mikrofibry cz\u0119sto budzi w\u0105tpliwo\u015bci, zw\u0142aszcza je\u015bli chodzi o komfort snu. W przeciwie\u0144stwie do naturalnej bawe\u0142ny, jej w\u0142a\u015bciwo\u015bci wynikaj\u0105 z g\u0119stego splotu ultracienkich w\u0142\u00f3kien poliestrowych. To w\u0142a\u015bnie ta struktura odpowiada za <strong>wyj\u0105tkow\u0105 mi\u0119kko\u015b\u0107<\/strong> oraz <strong>zdolno\u015b\u0107 do odprowadzania wilgoci<\/strong>, co przek\u0142ada si\u0119 na wysok\u0105 jako\u015b\u0107 wypoczynku.<\/p>\n\n\n\n<h2 class=\"wp-block-heading\" id=\"czym-jest-po\u015bciel-z-mikrofibry?\">Czym jest po\u015bciel z mikrofibry?<\/h2>\n\n\n\n<p>Mikrofibra to <strong>nowoczesny materia\u0142 syntetyczny<\/strong>, kt\u00f3ry powstaje z mieszanki niezwykle cienkich w\u0142\u00f3kien poliestrowych i poliamidowych, wielokrotnie cie\u0144szych od ludzkiego w\u0142osa. G\u0119sty splot nadaje tkaninie unikalne w\u0142a\u015bciwo\u015bci, dzi\u0119ki kt\u00f3rym zyska\u0142a ona popularno\u015b\u0107 w produkcji <a href=\"https:\/\/www.lasher.com.pl\/posciele\" data-internallinksmanager029f6b8e52c=\"3\" title=\"Po\u015bciele\">po\u015bcieli<\/a>, ko\u0142der i poduszek.<\/p>\n\n\n\n<p>W kontakcie ze sk\u00f3r\u0105 mikrofibra jest <strong>niezwykle mi\u0119kka i delikatna<\/strong>, a jej faktura przywodzi na my\u015bl jedwab lub sk\u00f3rk\u0119 brzoskwini. Mimo syntetycznego pochodzenia materia\u0142 pozostaje lekki i przewiewny, zapewniaj\u0105c odpowiedni\u0105 cyrkulacj\u0119 powietrza. Co wi\u0119cej, <strong>skutecznie odprowadza wilgo\u0107<\/strong>, gwarantuj\u0105c komfortowy sen bez ryzyka przegrzania \u2013 niezale\u017cnie od pory roku.<\/p>\n\n\n\n<p>Kolejn\u0105 zalet\u0105 mikrofibry jest jej <strong>imponuj\u0105ca wytrzyma\u0142o\u015b\u0107<\/strong>. Tkanina ta wykazuje du\u017c\u0105 odporno\u015b\u0107 na rozci\u0105ganie, przecieranie i mechacenie, co pozwala jej na d\u0142ugo zachowa\u0107 pierwotny kszta\u0142t i wygl\u0105d. Kolory oraz wzory pozostaj\u0105 nasycone nawet po wielokrotnym praniu. Atutem jest r\u00f3wnie\u017c \u0142atwo\u015b\u0107 piel\u0119gnacji: materia\u0142 <strong>szybko schnie i zazwyczaj nie wymaga prasowania<\/strong>, co jest du\u017c\u0105 oszcz\u0119dno\u015bci\u0105 czasu.<\/p>\n\n\n\n<p>Po\u015bciel z mikrofibry to r\u00f3wnie\u017c <strong>doskona\u0142e rozwi\u0105zanie dla alergik\u00f3w<\/strong>. Jej g\u0119sty splot tworzy <strong>skuteczn\u0105 barier\u0119 dla roztoczy<\/strong> i innych alergen\u00f3w. Materia\u0142 nie przyci\u0105ga kurzu, a jego zdolno\u015b\u0107 do szybkiego wysychania hamuje rozw\u00f3j ple\u015bni oraz grzyb\u00f3w, co zapewnia wysoki poziom higieny.<\/p>\n\n\n\n<h2 class=\"wp-block-heading\" id=\"zalety-po\u015bcieli-z-mikrofibry\">Zalety po\u015bcieli z mikrofibry<\/h2>\n\n\n\n<p>Po\u015bciel z mikrofibry wyr\u00f3\u017cnia <strong>niemal nieograniczona paleta wzor\u00f3w i kolor\u00f3w<\/strong>. Nowoczesna technologia produkcji umo\u017cliwia precyzyjne oraz trwa\u0142e barwienie, dzi\u0119ki czemu rynek oferuje komplety pasuj\u0105ce do ka\u017cdego stylu: od subtelnych, jednolitych barw, przez wzory geometryczne, a\u017c po fotorealistyczne nadruki i motywy 3D.<\/p>\n\n\n\n<h2 class=\"wp-block-heading\" id=\"wady-po\u015bcieli-z-mikrofibry\">Wady po\u015bcieli z mikrofibry<\/h2>\n\n\n\n<p>Po\u015bciel z mikrofibry ma jednak kilka wad, kt\u00f3re wynikaj\u0105 g\u0142\u00f3wnie z jej syntetycznego pochodzenia oraz wymog\u00f3w piel\u0119gnacyjnych.<\/p>\n\n\n\n<ul class=\"wp-block-list\">\n<li><strong>Syntetyczne pochodzenie<\/strong> \u2013 jako materia\u0142 w 100% syntetyczny, mikrofibra nie dostarcza takich samych wra\u017ce\u0144 dotykowych jak naturalna bawe\u0142na czy len, co mo\u017ce by\u0107 minusem dla os\u00f3b ceni\u0105cych sobie materia\u0142y ekologiczne.<\/li>\n\n\n\n<li><strong>Specyficzna piel\u0119gnacja<\/strong> \u2013 aby zachowa\u0142a swoje w\u0142a\u015bciwo\u015bci, musi by\u0107 prana w niskich temperaturach (do 40-50\u00b0C), bez dodatku p\u0142yn\u00f3w zmi\u0119kczaj\u0105cych, kt\u00f3re mog\u0105 zatyka\u0107 jej mikropory.<\/li>\n\n\n\n<li><strong>Sk\u0142onno\u015b\u0107 do elektryzowania si\u0119<\/strong> \u2013 mikrofibra, jak wiele materia\u0142\u00f3w syntetycznych, ma tendencj\u0119 do elektryzowania si\u0119, przez co \u0142atwiej przyci\u0105ga kurz, sier\u015b\u0107 zwierz\u0105t i w\u0142osy.<\/li>\n<\/ul>\n\n\n\n<h2 class=\"wp-block-heading\" id=\"po\u015bciel-z-mikrofibry-a-bawe\u0142na---por\u00f3wnanie\">Po\u015bciel z mikrofibry a bawe\u0142na &#8211; por\u00f3wnanie<\/h2>\n\n\n\n<p>Wyb\u00f3r mi\u0119dzy po\u015bciel\u0105 z mikrofibry a bawe\u0142nian\u0105 to cz\u0119sty dylemat. Aby u\u0142atwi\u0107 decyzj\u0119, por\u00f3wnali\u015bmy najwa\u017cniejsze cechy obu materia\u0142\u00f3w.<\/p>\n\n\n\n<h3 class=\"wp-block-heading\" id=\"pochodzenie-i-odczucia-w-dotyku\">Pochodzenie i odczucia w dotyku<\/h3>\n\n\n\n<p>Bawe\u0142na, jako materia\u0142 w 100% naturalny, ceniona jest za swoj\u0105 <strong>przewiewno\u015b\u0107 i klasyczne poczucie \u015bwie\u017co\u015bci<\/strong>. Z kolei mikrofibra, tkanina syntetyczna, oferuje <strong>niezr\u00f3wnan\u0105 g\u0142adko\u015b\u0107 i jedwabisto\u015b\u0107<\/strong> w dotyku, cz\u0119sto por\u00f3wnywan\u0105 do sk\u00f3rki brzoskwini. Wyb\u00f3r zale\u017cy wi\u0119c od indywidualnych preferencji.<\/p>\n\n\n\n<h3 class=\"wp-block-heading\" id=\"w\u0142a\u015bciwo\u015bci-antyalergiczne-i-higiena\">W\u0142a\u015bciwo\u015bci antyalergiczne i higiena<\/h3>\n\n\n\n<p>W tej kategorii mikrofibra ma <strong>wyra\u017an\u0105 przewag\u0119<\/strong>. Jej g\u0119sty splot stanowi <strong>skuteczn\u0105 barier\u0119 dla roztoczy<\/strong> i alergen\u00f3w, a syntetyczna struktura w\u0142\u00f3kien hamuje rozw\u00f3j bakterii. W przeciwie\u0144stwie do bawe\u0142ny, kt\u00f3ra mo\u017ce gromadzi\u0107 alergeny, mikrofibra jest rozwi\u0105zaniem <strong>rekomendowanym dla alergik\u00f3w<\/strong>.<\/p>\n\n\n\n<h3 class=\"wp-block-heading\" id=\"trwa\u0142o\u015b\u0107-i-piel\u0119gnacja\">Trwa\u0142o\u015b\u0107 i piel\u0119gnacja<\/h3>\n\n\n\n<p>Mikrofibra jest cz\u0119sto bardziej praktyczna ni\u017c bawe\u0142na. Jej kolory cechuje <strong>wyj\u0105tkowa odporno\u015b\u0107 na spieranie<\/strong>, a sama tkanina nie mechaci si\u0119 i nie rozci\u0105ga. Co wi\u0119cej, <strong>schnie b\u0142yskawicznie i zazwyczaj nie wymaga prasowania<\/strong>, podczas gdy bawe\u0142na, cho\u0107 trwa\u0142a, z czasem mo\u017ce blakn\u0105\u0107 i niemal zawsze potrzebuje \u017celazka.<\/p>\n\n\n\n<h3 class=\"wp-block-heading\" id=\"termoregulacja-i-odprowadzanie-wilgoci\">Termoregulacja i odprowadzanie wilgoci<\/h3>\n\n\n\n<p>Chocia\u017c oba materia\u0142y zapewniaj\u0105 cyrkulacj\u0119 powietrza, dzia\u0142aj\u0105 w odmienny spos\u00f3b. Bawe\u0142na skutecznie <strong>absorbuje wilgo\u0107<\/strong>, ale przez to wolno schnie. Mikrofibra natomiast nie wch\u0142ania wody, a jedynie <strong>odprowadza j\u0105 na zewn\u0105trz<\/strong>, co pozwala utrzyma\u0107 sk\u00f3r\u0119 such\u0105 i gwarantuje komfort termiczny przez ca\u0142y rok.<\/p>\n\n\n\n<h3 class=\"wp-block-heading\" id=\"podsumowanie-\u2013-co-wybra\u0107?\">Podsumowanie \u2013 co wybra\u0107?<\/h3>\n\n\n\n<ul class=\"wp-block-list\">\n<li><strong>Wybierz po\u015bciel bawe\u0142nian\u0105, je\u015bli<\/strong> cenisz naturalne materia\u0142y i tradycyjn\u0105, oddychaj\u0105c\u0105 faktur\u0119, a prasowanie nie jest dla Ciebie problemem.<\/li>\n\n\n\n<li><strong>Wybierz po\u015bciel z mikrofibry, je\u015bli<\/strong> priorytetem jest dla Ciebie wygoda (szybkie schni\u0119cie, brak prasowania) i trwa\u0142o\u015b\u0107 kolor\u00f3w, jeste\u015b alergikiem lub po prostu uwielbiasz jej wyj\u0105tkow\u0105 mi\u0119kko\u015b\u0107, a syntetyczne pochodzenie nie stanowi problemu.<\/li>\n<\/ul>\n\n\n\n<h2 class=\"wp-block-heading\" id=\"jak-dba\u0107-o-po\u015bciel-z-mikrofibry?\">Jak dba\u0107 o po\u015bciel z mikrofibry?<\/h2>\n\n\n\n<p>Piel\u0119gnacja po\u015bcieli z mikrofibry jest <strong>prosta<\/strong>, ale aby d\u0142ugo cieszy\u0107 si\u0119 jej w\u0142a\u015bciwo\u015bciami, warto przestrzega\u0107 kilku zasad.<\/p>\n\n\n\n<h3 class=\"wp-block-heading\" id=\"pranie-\u2013-klucz-do-zachowania-w\u0142a\u015bciwo\u015bci\">Pranie \u2013 klucz do zachowania w\u0142a\u015bciwo\u015bci<\/h3>\n\n\n\n<p>Podstaw\u0105 jest <strong>pranie w niskiej temperaturze<\/strong> (maksymalnie 40-50\u00b0C) oraz <strong>rezygnacja z p\u0142yn\u00f3w zmi\u0119kczaj\u0105cych i wybielaczy<\/strong>, kt\u00f3re mog\u0105 uszkodzi\u0107 delikatn\u0105 struktur\u0119 w\u0142\u00f3kien.<\/p>\n\n\n\n<h3 class=\"wp-block-heading\" id=\"suszenie-i-prasowanie-\u2013-wygoda-w-czystej-postaci\">Suszenie i prasowanie \u2013 wygoda w czystej postaci<\/h3>\n\n\n\n<p>Zalet\u0105 mikrofibry jest jej <strong>b\u0142yskawiczne schni\u0119cie<\/strong>. Przy suszeniu w suszarce b\u0119bnowej nale\u017cy wybra\u0107 <strong>program o niskiej temperaturze<\/strong>, gdy\u017c gor\u0105ce powietrze mo\u017ce trwale uszkodzi\u0107 w\u0142\u00f3kna.<\/p>\n\n\n\n<h3 class=\"wp-block-heading\" id=\"przechowywanie-\u2013-jak-unikn\u0105\u0107-nieprzyjemnych-zapach\u00f3w?\">Przechowywanie \u2013 jak unikn\u0105\u0107 nieprzyjemnych zapach\u00f3w?<\/h3>\n\n\n\n<p>Aby po\u015bciel zachowa\u0142a \u015bwie\u017co\u015b\u0107, nale\u017cy przechowywa\u0107 j\u0105 w <strong>suchym i przewiewnym miejscu<\/strong>. Warto <strong>unika\u0107 foliowych work\u00f3w<\/strong>, kt\u00f3re ograniczaj\u0105 cyrkulacj\u0119 powietrza \u2013 znacznie lepszym wyborem b\u0119d\u0105 kartonowe pude\u0142ka lub torby wykonane z naturalnych materia\u0142\u00f3w.<\/p>\n","protected":false},"excerpt":{"rendered":"<p>Syntetyczne pochodzenie mikrofibry cz\u0119sto budzi w\u0105tpliwo\u015bci, zw\u0142aszcza je\u015bli chodzi o komfort snu. W przeciwie\u0144stwie do naturalnej bawe\u0142ny, jej w\u0142a\u015bciwo\u015bci wynikaj\u0105 z g\u0119stego splotu ultracienkich w\u0142\u00f3kien poliestrowych. To w\u0142a\u015bnie ta struktura&#8230;<\/p>\n","protected":false},"author":1,"featured_media":2233,"comment_status":"open","ping_status":"open","sticky":false,"template":"","format":"standard","meta":{"_kad_blocks_custom_css":"","_kad_blocks_head_custom_js":"","_kad_blocks_body_custom_js":"","_kad_blocks_footer_custom_js":"","_kad_post_transparent":"","_kad_post_title":"","_kad_post_layout":"","_kad_post_sidebar_id":"","_kad_post_content_style":"","_kad_post_vertical_padding":"","_kad_post_feature":"","_kad_post_feature_position":"","_kad_post_header":false,"_kad_post_footer":false,"_kad_post_classname":"","footnotes":""},"categories":[48,49],"tags":[],"class_list":["post-2232","post","type-post","status-publish","format-standard","has-post-thumbnail","hentry","category-sypialnia","category-posciele"],"taxonomy_info":{"category":[{"value":48,"label":"Sypialnia"},{"value":49,"label":"Po\u015bciele"}]},"featured_image_src_large":["https:\/\/www.lasher.com.pl\/blog\/wp-content\/uploads\/2025\/08\/czy-posciel-z-mikrofibry-jest-dobra-1024x559.jpg",1024,559,true],"author_info":{"display_name":"lasher","author_link":"https:\/\/www.lasher.com.pl\/blog\/autor\/lasher"},"comment_info":0,"category_info":[{"term_id":48,"name":"Sypialnia","slug":"sypialnia","term_group":0,"term_taxonomy_id":48,"taxonomy":"category","description":"","parent":0,"count":23,"filter":"raw","cat_ID":48,"category_count":23,"category_description":"","cat_name":"Sypialnia","category_nicename":"sypialnia","category_parent":0},{"term_id":49,"name":"Po\u015bciele","slug":"posciele","term_group":0,"term_taxonomy_id":49,"taxonomy":"category","description":"","parent":48,"count":28,"filter":"raw","cat_ID":49,"category_count":28,"category_description":"","cat_name":"Po\u015bciele","category_nicename":"posciele","category_parent":48}],"tag_info":false,"_links":{"self":[{"href":"https:\/\/www.lasher.com.pl\/blog\/wp-json\/wp\/v2\/posts\/2232","targetHints":{"allow":["GET"]}}],"collection":[{"href":"https:\/\/www.lasher.com.pl\/blog\/wp-json\/wp\/v2\/posts"}],"about":[{"href":"https:\/\/www.lasher.com.pl\/blog\/wp-json\/wp\/v2\/types\/post"}],"author":[{"embeddable":true,"href":"https:\/\/www.lasher.com.pl\/blog\/wp-json\/wp\/v2\/users\/1"}],"replies":[{"embeddable":true,"href":"https:\/\/www.lasher.com.pl\/blog\/wp-json\/wp\/v2\/comments?post=2232"}],"version-history":[{"count":1,"href":"https:\/\/www.lasher.com.pl\/blog\/wp-json\/wp\/v2\/posts\/2232\/revisions"}],"predecessor-version":[{"id":2234,"href":"https:\/\/www.lasher.com.pl\/blog\/wp-json\/wp\/v2\/posts\/2232\/revisions\/2234"}],"wp:featuredmedia":[{"embeddable":true,"href":"https:\/\/www.lasher.com.pl\/blog\/wp-json\/wp\/v2\/media\/2233"}],"wp:attachment":[{"href":"https:\/\/www.lasher.com.pl\/blog\/wp-json\/wp\/v2\/media?parent=2232"}],"wp:term":[{"taxonomy":"category","embeddable":true,"href":"https:\/\/www.lasher.com.pl\/blog\/wp-json\/wp\/v2\/categories?post=2232"},{"taxonomy":"post_tag","embeddable":true,"href":"https:\/\/www.lasher.com.pl\/blog\/wp-json\/wp\/v2\/tags?post=2232"}],"curies":[{"name":"wp","href":"https:\/\/api.w.org\/{rel}","templated":true}]}}