{"id":2720,"date":"2025-12-29T13:38:00","date_gmt":"2025-12-29T12:38:00","guid":{"rendered":"https:\/\/www.lasher.com.pl\/blog\/?p=2720"},"modified":"2025-11-21T11:11:46","modified_gmt":"2025-11-21T10:11:46","slug":"jak-ulozyc-koc-na-fotelu","status":"publish","type":"post","link":"https:\/\/www.lasher.com.pl\/blog\/jak-ulozyc-koc-na-fotelu","title":{"rendered":"Jak u\u0142o\u017cy\u0107 koc na fotelu?"},"content":{"rendered":"<h2>Dlaczego warto uk\u0142ada\u0107 koc na fotelu?<\/h2>\n<p><a href=\"https:\/\/www.lasher.com.pl\/koce\" data-internallinksmanager029f6b8e52c=\"6\" title=\"Koce\">Koc<\/a> na fotelu to znacznie wi\u0119cej ni\u017c tylko praktyczny dodatek na ch\u0142odne wieczory. To prosty, a zarazem niezwykle skuteczny spos\u00f3b na b\u0142yskawiczn\u0105 metamorfoz\u0119 wn\u0119trza. Odpowiednio zaaran\u017cowany, staje si\u0119 kluczowym elementem dekoracyjnym, kt\u00f3ry zgrabnie \u0142\u0105czy <strong>estetyk\u0119 z funkcjonalno\u015bci\u0105<\/strong>.<\/p>\n<p>Koc przede wszystkim wype\u0142nia przestrze\u0144 przytulno\u015bci\u0105 i wizualnym ciep\u0142em. Nawet najbardziej minimalistyczne wn\u0119trze zyskuje domowy charakter, gdy na fotelu spoczywa niedbale przerzucony, mi\u0119kki pled. To detal, kt\u00f3ry sprawia, \u017ce salon staje si\u0119 bardziej go\u015bcinny i zaprasza do relaksu.<\/p>\n<p>Poza walorami estetycznymi koc jest tak\u017ce niezwykle praktyczny \u2013 <strong>skutecznie chroni tapicerk\u0119 fotela<\/strong> przed zabrudzeniami i zu\u017cyciem, a do tego jest zawsze pod r\u0119k\u0105, by zapewni\u0107 komfortowe ciep\u0142o podczas odpoczynku.<\/p>\n<h2>Sposoby uk\u0142adania koca na fotelu<\/h2>\n<p>Aran\u017cacja koca na fotelu to subtelna sztuka, kt\u00f3ra pozwala w prosty spos\u00f3b odmieni\u0107 wygl\u0105d mebla i ca\u0142ego pomieszczenia. Nie ma jednego, uniwersalnego sposobu \u2013 wszystko zale\u017cy od efektu, jaki chcesz osi\u0105gn\u0105\u0107. Oto kilka sprawdzonych metod, od klasycznych i uporz\u0105dkowanych po te bardziej swobodne, kt\u00f3re pasuj\u0105 do r\u00f3\u017cnych styl\u00f3w i potrzeb.<\/p>\n<h3>Klasyczne z\u0142o\u017cenie w prostok\u0105t<\/h3>\n<p>To najbardziej uniwersalna i ponadczasowa metoda. Wystarczy z\u0142o\u017cy\u0107 koc w r\u00f3wny prostok\u0105t i u\u0142o\u017cy\u0107 go na jeden z dw\u00f3ch sposob\u00f3w:<\/p>\n<ul>\n<li>\n<p><strong>Przewieszenie przez oparcie<\/strong> \u2013 wprowadza do wn\u0119trza symetri\u0119 i porz\u0105dek, co doskonale wpisuje si\u0119 w minimalistyczne aran\u017cacje.<\/p>\n<\/li>\n<li>\n<p><strong>Po\u0142o\u017cenie na siedzisku<\/strong> \u2013 wygl\u0105da estetycznie, a dodatkowo chroni tapicerk\u0119 przed zu\u017cyciem.<\/p>\n<\/li>\n<\/ul>\n<h3>Artystyczny nie\u0142ad, czyli drapowanie<\/h3>\n<p>Je\u015bli zale\u017cy Ci na stworzeniu przytulnej atmosfery i uzyskaniu efektu \u201enonszalanckiej elegancji\u201d, wybierz <strong>lu\u017ane drapowanie<\/strong>. Wystarczy chwyci\u0107 koc mniej wi\u0119cej w po\u0142owie i niedbale przerzuci\u0107 go przez oparcie, pod\u0142okietnik lub r\u00f3g fotela. Pozw\u00f3l, aby materia\u0142 swobodnie opada\u0142, tworz\u0105c mi\u0119kkie fa\u0142dy. Ta metoda doskonale eksponuje koce o ciekawej fakturze, np. we\u0142niane pledy z fr\u0119dzlami, dodaj\u0105c wn\u0119trzu lekko\u015bci i domowego ciep\u0142a.<\/p>\n<h3>Elegancki rulon<\/h3>\n<p>Zwini\u0119cie koca w rulon to ciekawy i coraz popularniejszy spos\u00f3b na jego aran\u017cacj\u0119. Taka forma dodaje wn\u0119trzu elegancji i sprawia, \u017ce ca\u0142o\u015b\u0107 wygl\u0105da na przemy\u015blan\u0105 oraz uporz\u0105dkowan\u0105. Zrolowany koc mo\u017cesz po\u0142o\u017cy\u0107 na siedzisku, wzd\u0142u\u017c oparcia lub na pod\u0142okietniku. To rozwi\u0105zanie, kt\u00f3re sprawdzi si\u0119, gdy chcesz, aby pled pe\u0142ni\u0142 g\u0142\u00f3wnie funkcj\u0119 dekoracyjn\u0105, a jednocze\u015bnie by\u0142 zawsze pod r\u0119k\u0105.<\/p>\n<h3>Praktyczne okrycie siedziska<\/h3>\n<p>Mo\u017cna r\u00f3wnie\u017c roz\u0142o\u017cy\u0107 koc r\u00f3wnomiernie na ca\u0142ej powierzchni siedziska i oparcia. To niezwykle praktyczne rozwi\u0105zanie, kt\u00f3re w pe\u0142ni chroni mebel przed zabrudzeniami czy sier\u015bci\u0105 zwierz\u0105t. Wa\u017cne jest <strong>staranne roz\u0142o\u017cenie materia\u0142u<\/strong>, tak aby nie tworzy\u0142 nieestetycznych zgrubie\u0144. Taki zabieg sprawia, \u017ce fotel zyskuje zupe\u0142nie nowy wygl\u0105d, niemal jakby mia\u0142 nowy pokrowiec.<\/p>\n<h2>Stylowe u\u0142o\u017cenie koca \u2014 inspiracje<\/h2>\n<p>Spos\u00f3b, w jaki uk\u0142adasz koc na fotelu, to znacznie wi\u0119cej ni\u017c kwestia porz\u0105dku. To \u015bwiadomy wyb\u00f3r, kt\u00f3ry mo\u017ce odzwierciedla\u0107 Tw\u00f3j styl \u017cycia, charakter i estetyczne preferencje. Od delikatnych, minimalistycznych kompozycji po odwa\u017cne kontrasty kolorystyczne \u2013 koc staje si\u0119 sposobem na wyra\u017cenie siebie i kreowania nastroju we wn\u0119trzu.<\/p>\n<p>Najwa\u017cniejsze jest <strong>dopasowanie koca do charakteru pomieszczenia<\/strong>. We wn\u0119trzach o stonowanej palecie barw koc w intensywnym kolorze lub z wyrazistym wzorem stanie si\u0119 o\u017cywczym akcentem. Z kolei do bogato zdobionych mebli lepiej pasuj\u0105 g\u0142adkie pledy w neutralnych odcieniach, kt\u00f3re wprowadz\u0105 do aran\u017cacji po\u017c\u0105dan\u0105 harmoni\u0119 i spok\u00f3j.<\/p>\n<p>Aby aran\u017cacja by\u0142a kompletna, warto dobra\u0107 odpowiednie dodatki:<\/p>\n<ul>\n<li>\n<p><strong>Poduszki<\/strong> \u2013 warto dobra\u0107 je tak, by harmonizowa\u0142y z kocem kolorystycznie lub tworzy\u0142y intryguj\u0105cy kontrast. Warto te\u017c pami\u0119ta\u0107 o zachowaniu odpowiednich proporcji w stosunku do wielko\u015bci fotela.<\/p>\n<\/li>\n<li>\n<p><strong>Kosze<\/strong> \u2013 modele z naturalnych materia\u0142\u00f3w, jak wiklina czy rattan, mog\u0105 pos\u0142u\u017cy\u0107 jako stylowe miejsce do przechowywania dodatkowych tekstyli\u00f3w.<\/p>\n<\/li>\n<li>\n<p><strong>O\u015bwietlenie i dywan<\/strong> \u2013 lampa o ciep\u0142ej barwie \u015bwiat\u0142a oraz mi\u0119kki dywan pod fotelem dope\u0142ni\u0105 ca\u0142o\u015bci i podkre\u015bl\u0105 przytulny charakter kompozycji.<\/p>\n<\/li>\n<\/ul>\n<h2>Sezonowe aran\u017cacje koca na fotelu<\/h2>\n<p>Koc na fotelu to nie tylko sta\u0142y element wystroju, ale tak\u017ce dynamiczny detal, kt\u00f3ry mo\u017ce <strong>zmienia\u0107 si\u0119 wraz z porami roku<\/strong>. Dostosowanie jego koloru i faktury do aury za oknem to prosty, a zarazem efektowny spos\u00f3b na od\u015bwie\u017cenie wn\u0119trza i podkre\u015blenie jego klimatu. Taka sezonowa metamorfoza wp\u0142ywa nie tylko na estetyk\u0119, ale r\u00f3wnie\u017c na komfort codziennego relaksu.<\/p>\n<h3>Jesie\u0144 i zima \u2013 czas na ciep\u0142o i przytulno\u015b\u0107<\/h3>\n<p>Jesieni\u0105 i zim\u0105, gdy pragniemy otuli\u0107 si\u0119 ciep\u0142em, niezast\u0105pione oka\u017c\u0105 si\u0119 grube koce z we\u0142ny, polaru czy dzianiny. Warto wybra\u0107 <strong>g\u0142\u0119bokie, nasycone barwy<\/strong>, takie jak butelkowa ziele\u0144, bordo, musztardowa \u017c\u00f3\u0142\u0107 czy odcienie br\u0105zu. Taki pled, niedbale przerzucony przez oparcie, natychmiast stworzy przytuln\u0105 atmosfer\u0119.<\/p>\n<h3>Wiosna i lato \u2013 lekko\u015b\u0107 i \u015bwie\u017co\u015b\u0107<\/h3>\n<p>Wiosn\u0105 i latem we wn\u0119trzach kr\u00f3luje lekko\u015b\u0107. Ci\u0119\u017ckie pledy warto zast\u0105pi\u0107 <strong>przewiewnymi kocami z bawe\u0142ny, lnu czy bambusa<\/strong>. Dobrym wyborem b\u0119d\u0105 jasne, \u015bwie\u017ce kolory \u2013 pastele, biel, be\u017ce czy b\u0142\u0119kity, kt\u00f3re optycznie powi\u0119ksz\u0105 przestrze\u0144. Koc mo\u017ce by\u0107 wtedy starannie z\u0142o\u017cony w kostk\u0119 na pod\u0142okietniku lub lu\u017ano zarzucony na siedzisko jako subtelny, dekoracyjny akcent.<\/p>\n<h2>Piel\u0119gnacja koca \u2014 jak dba\u0107 o jego wygl\u0105d?<\/h2>\n<p>Aby koc d\u0142ugo zachowa\u0142 sw\u00f3j nienaganny wygl\u0105d i mi\u0119kko\u015b\u0107, wa\u017cna jest <strong>regularna piel\u0119gnacja<\/strong>. Prawid\u0142owe pranie i suszenie nie tylko przed\u0142u\u017caj\u0105 \u017cywotno\u015b\u0107 tkaniny, ale te\u017c sprawiaj\u0105, \u017ce pled pozostanie ozdob\u0105 salonu na lata.<\/p>\n<p>Warto regularnie strzepywa\u0107 koc, aby pozby\u0107 si\u0119 kurzu i od\u015bwie\u017cy\u0107 w\u0142\u00f3kna. Przed praniem zawsze sprawdzaj metk\u0119 z zaleceniami producenta \u2013 to podstawa. Wi\u0119kszo\u015b\u0107 modeli mo\u017cna pra\u0107 w pralce w niskiej temperaturze, na delikatnym programie, co pozwoli zachowa\u0107 ich kszta\u0142t i intensywno\u015b\u0107 koloru.<\/p>\n<p>R\u00f3wnie wa\u017cny jest prawid\u0142owe suszenie:<\/p>\n<ul>\n<li>\n<p><strong>Unikaj<\/strong> wieszania mokrego koca na cienkiej lince (ryzyko rozci\u0105gni\u0119cia) oraz suszenia na grzejniku lub w pe\u0142nym s\u0142o\u0144cu (ryzyko blakni\u0119cia).<\/p>\n<\/li>\n<li>\n<p><strong>Zalecane jest<\/strong> suszenie na p\u0142asko, na przyk\u0142ad na du\u017cej suszarce lub czystym r\u0119czniku. Taki spos\u00f3b gwarantuje, \u017ce koc zachowa sw\u00f3j idealny kszta\u0142t i puszysto\u015b\u0107.<\/p>\n<\/li>\n<\/ul>\n","protected":false},"excerpt":{"rendered":"<p>Niedbale rzucony pled czy starannie z\u0142o\u017cony prostok\u0105t? Spos\u00f3b, w jaki zdecydujesz si\u0119 u\u0142o\u017cy\u0107 koc na fotelu, mo\u017ce ca\u0142kowicie odmieni\u0107 charakter wn\u0119trza. To prosty trik, kt\u00f3ry dodaje <strong>przytulno\u015bci i stylu<\/strong>. Poznaj sprawdzone techniki, od klasycznych po nonszalanckie, i znajd\u017a idealne rozwi\u0105zanie dla siebie.<\/p>\n","protected":false},"author":1,"featured_media":2719,"comment_status":"open","ping_status":"open","sticky":false,"template":"","format":"standard","meta":{"_kad_blocks_custom_css":"","_kad_blocks_head_custom_js":"","_kad_blocks_body_custom_js":"","_kad_blocks_footer_custom_js":"","_kad_post_transparent":"","_kad_post_title":"","_kad_post_layout":"","_kad_post_sidebar_id":"","_kad_post_content_style":"","_kad_post_vertical_padding":"","_kad_post_feature":"","_kad_post_feature_position":"","_kad_post_header":false,"_kad_post_footer":false,"_kad_post_classname":"","footnotes":""},"categories":[50],"tags":[],"class_list":["post-2720","post","type-post","status-publish","format-standard","has-post-thumbnail","hentry","category-koce"],"taxonomy_info":{"category":[{"value":50,"label":"Koce"}]},"featured_image_src_large":["https:\/\/www.lasher.com.pl\/blog\/wp-content\/uploads\/2025\/11\/article-12441-1024x559.png",1024,559,true],"author_info":{"display_name":"lasher","author_link":"https:\/\/www.lasher.com.pl\/blog\/autor\/lasher"},"comment_info":0,"category_info":[{"term_id":50,"name":"Koce","slug":"koce","term_group":0,"term_taxonomy_id":50,"taxonomy":"category","description":"","parent":0,"count":7,"filter":"raw","cat_ID":50,"category_count":7,"category_description":"","cat_name":"Koce","category_nicename":"koce","category_parent":0}],"tag_info":false,"_links":{"self":[{"href":"https:\/\/www.lasher.com.pl\/blog\/wp-json\/wp\/v2\/posts\/2720","targetHints":{"allow":["GET"]}}],"collection":[{"href":"https:\/\/www.lasher.com.pl\/blog\/wp-json\/wp\/v2\/posts"}],"about":[{"href":"https:\/\/www.lasher.com.pl\/blog\/wp-json\/wp\/v2\/types\/post"}],"author":[{"embeddable":true,"href":"https:\/\/www.lasher.com.pl\/blog\/wp-json\/wp\/v2\/users\/1"}],"replies":[{"embeddable":true,"href":"https:\/\/www.lasher.com.pl\/blog\/wp-json\/wp\/v2\/comments?post=2720"}],"version-history":[{"count":1,"href":"https:\/\/www.lasher.com.pl\/blog\/wp-json\/wp\/v2\/posts\/2720\/revisions"}],"predecessor-version":[{"id":2747,"href":"https:\/\/www.lasher.com.pl\/blog\/wp-json\/wp\/v2\/posts\/2720\/revisions\/2747"}],"wp:featuredmedia":[{"embeddable":true,"href":"https:\/\/www.lasher.com.pl\/blog\/wp-json\/wp\/v2\/media\/2719"}],"wp:attachment":[{"href":"https:\/\/www.lasher.com.pl\/blog\/wp-json\/wp\/v2\/media?parent=2720"}],"wp:term":[{"taxonomy":"category","embeddable":true,"href":"https:\/\/www.lasher.com.pl\/blog\/wp-json\/wp\/v2\/categories?post=2720"},{"taxonomy":"post_tag","embeddable":true,"href":"https:\/\/www.lasher.com.pl\/blog\/wp-json\/wp\/v2\/tags?post=2720"}],"curies":[{"name":"wp","href":"https:\/\/api.w.org\/{rel}","templated":true}]}}