{"id":2797,"date":"2026-03-16T11:45:06","date_gmt":"2026-03-16T10:45:06","guid":{"rendered":"https:\/\/www.lasher.com.pl\/blog\/?p=2797"},"modified":"2026-03-17T11:46:49","modified_gmt":"2026-03-17T10:46:49","slug":"jak-urzadzic-pokoj-dzienny-z-sypialnia-20m2","status":"publish","type":"post","link":"https:\/\/www.lasher.com.pl\/blog\/jak-urzadzic-pokoj-dzienny-z-sypialnia-20m2","title":{"rendered":"Jak urz\u0105dzi\u0107 pok\u00f3j dzienny z sypialni\u0105 20m2?"},"content":{"rendered":"\n<p>Aran\u017cacja ma\u0142ej przestrzeni, kt\u00f3ra pe\u0142ni funkcj\u0119 salonu i sypialni, to spore wyzwanie. Kluczem do sukcesu jest <strong>optyczne powi\u0119kszenie wn\u0119trza<\/strong> i wyb\u00f3r <strong>wielofunkcyjnych mebli<\/strong>. Zobacz, jak urz\u0105dzi\u0107 pok\u00f3j dzienny z sypialni\u0105 o powierzchni 20m2, by stworzy\u0107 sp\u00f3jne i komfortowe miejsce do \u017cycia.<\/p>\n\n\n\n<h2 class=\"wp-block-heading\" id=\"jak-wydzieli\u0107-strefy-w-pokoju-dziennym-z-sypialni\u0105-20-m2?\">Jak wydzieli\u0107 strefy w pokoju dziennym z sypialni\u0105 20 m2?<\/h2>\n\n\n\n<p>Wydzielenie stref na 20 m\u00b2 wcale nie musi oznacza\u0107 budowy \u015bcianek dzia\u0142owych, kt\u00f3re kradn\u0105 cenne metry i blokuj\u0105 \u015bwiat\u0142o. Liczy si\u0119 subtelno\u015b\u0107. Warto wybra\u0107 <strong>lekkie przegrody<\/strong>, kt\u00f3re wizualnie oddziel\u0105 cz\u0119\u015b\u0107 dzienn\u0105 od sypialnianej, nie przyt\u0142aczaj\u0105c przy tym wn\u0119trza.<\/p>\n\n\n\n<p>R\u00f3wnie skuteczny jest podzia\u0142 wizualny, kt\u00f3ry nie ingeruje w uk\u0142ad przestrzenny:<\/p>\n\n\n\n<ul class=\"wp-block-list\">\n<li><strong>Inny kolor \u015bciany<\/strong> \u2013 pomalowanie \u015bciany za \u0142\u00f3\u017ckiem na stonowany kolor tworzy wra\u017cenie przytulnej wn\u0119ki sypialnianej.<\/li>\n\n\n\n<li><strong>Dywan<\/strong> \u2013 du\u017cy dywan w cz\u0119\u015bci dziennej wyra\u017anie okre\u015bla jej granice i oddziela j\u0105 od strefy snu.<\/li>\n\n\n\n<li><strong>O\u015bwietlenie strefowe<\/strong> \u2013 subtelne kinkiety przy \u0142\u00f3\u017cku i mocniejsza lampa nad stolikiem kawowym definiuj\u0105 funkcj\u0119 ka\u017cdej strefy po zmroku.<\/li>\n<\/ul>\n\n\n\n<p>Naturaln\u0105 granic\u0119 mo\u017ce stworzy\u0107 ju\u017c samo ustawienie mebli. <strong>Sofa odwr\u00f3cona ty\u0142em<\/strong> do cz\u0119\u015bci sypialnianej to prosty i skuteczny spos\u00f3b na oddzielenie strefy relaksu od prywatnej przestrzeni.<\/p>\n\n\n\n<h3 class=\"wp-block-heading\" id=\"przegrody-i-zas\u0142ony-jako-separacja\">Przegrody i zas\u0142ony jako separacja<\/h3>\n\n\n\n<p><strong>A\u017curowy rega\u0142<\/strong> to jeden z najprostszych i najbardziej funkcjonalnych sposob\u00f3w na oddzielenie strefy sypialnianej. Taka p\u00f3\u0142przepuszczalna \u015bcianka nie blokuje dost\u0119pu \u015bwiat\u0142a ani cyrkulacji powietrza, a jednocze\u015bnie stanowi dodatkowe miejsce do przechowywania ksi\u0105\u017cek, ro\u015blin czy pami\u0105tek. Wybieraj\u0105c model bez \u201eplec\u00f3w\u201d, zyskujesz mebel, kt\u00f3ry subtelnie wyznacza granice, nie przyt\u0142aczaj\u0105c ma\u0142ego wn\u0119trza.<\/p>\n\n\n\n<p>Je\u015bli cenisz sobie elastyczno\u015b\u0107, rozwa\u017c jedno z poni\u017cszych rozwi\u0105za\u0144:<\/p>\n\n\n\n<ul class=\"wp-block-list\">\n<li><strong>Zas\u0142ony lub panele przesuwne<\/strong> \u2013 zamontowane na szynie sufitowej, pozwalaj\u0105 elastycznie zarz\u0105dza\u0107 przestrzeni\u0105. W dzie\u0144 mog\u0105 by\u0107 rozsuni\u0119te, a wieczorem zapewniaj\u0105 prywatno\u015b\u0107 i dodaj\u0105 przytulno\u015bci.<\/li>\n\n\n\n<li><strong>Parawany<\/strong> \u2013 mobilne i dekoracyjne, pozwalaj\u0105 wizualnie podzieli\u0107 pok\u00f3j bez zabierania metra\u017cu. Gdy nie s\u0105 potrzebne, mo\u017cna je \u0142atwo z\u0142o\u017cy\u0107 i schowa\u0107.<\/li>\n<\/ul>\n\n\n\n<h2 class=\"wp-block-heading\" id=\"meble-wielofunkcyjne-do-pokoju-dziennego-z-sypialni\u0105-20-m2\">Meble wielofunkcyjne do pokoju dziennego z sypialni\u0105 20 m2<\/h2>\n\n\n\n<p>W pokoju o podw\u00f3jnej funkcji <strong>meble wielofunkcyjne<\/strong> s\u0105 niezb\u0119dne. To one pozwalaj\u0105 zaoszcz\u0119dzi\u0107 cenn\u0105 przestrze\u0144, \u0142\u0105cz\u0105c \u015bwiat salonu i sypialni bez kompromis\u00f3w w kwestii estetyki czy komfortu. Zamiast osobnego \u0142\u00f3\u017cka i kanapy, warto wybra\u0107 jedno sprytne rozwi\u0105zanie.<\/p>\n\n\n\n<p>Sercem takiej aran\u017cacji jest wygodna <strong>sofa rozk\u0142adana z pojemnikiem na <a href=\"https:\/\/www.lasher.com.pl\/posciele\" data-internallinksmanager029f6b8e52c=\"3\" title=\"Po\u015bciele\">po\u015bciel<\/a><\/strong>. W dzie\u0144 stanowi centrum strefy dziennej, a wieczorem zmienia si\u0119 w pe\u0142nowymiarowe \u0142\u00f3\u017cko. Warto szuka\u0107 modeli o powierzchni spania ok. 150&nbsp;\u00d7&nbsp;200 cm, kt\u00f3re zapewni\u0105 komfortowy sen, nie dominuj\u0105c przy tym wn\u0119trza. <strong>Wbudowany schowek<\/strong> to konieczno\u015b\u0107 \u2013 dzi\u0119ki niemu ko\u0142dra i poduszki znikaj\u0105 z widoku, co u\u0142atwia utrzymanie porz\u0105dku.<\/p>\n\n\n\n<p>Inne sprytne rozwi\u0105zania to:<\/p>\n\n\n\n<ul class=\"wp-block-list\">\n<li><strong>Stolik kawowy z podnoszonym blatem<\/strong>, kt\u00f3ry w kilka sekund mo\u017ce sta\u0107 si\u0119 miejscem do pracy lub ma\u0142ym sto\u0142em jadalnianym.<\/li>\n\n\n\n<li><strong>Stolik kawowy ze schowkami<\/strong>, kt\u00f3rego ukryte szuflady lub p\u00f3\u0142ki pomieszcz\u0105 piloty, gazety i inne drobiazgi.<\/li>\n\n\n\n<li><strong>Pufy ze schowkiem<\/strong>, oferuj\u0105ce dodatkowe miejsce do siedzenia i przechowywania.<\/li>\n<\/ul>\n\n\n\n<p>Je\u015bli potrzebujesz jeszcze wi\u0119cej elastyczno\u015bci, rozwa\u017c <strong>p\u00f3\u0142kotapczan, czyli \u0142\u00f3\u017cko chowane w szafie<\/strong>. To idealne rozwi\u0105zanie, gdy priorytetem jest maksymalnie otwarta przestrze\u0144 w ci\u0105gu dnia. Dzi\u0119ki nowoczesnym mechanizmom jego sk\u0142adanie i rozk\u0142adanie jest proste i nie wymaga si\u0142y. Taki mebel mo\u017cna zintegrowa\u0107 z rega\u0142em modu\u0142owym, kt\u00f3ry dodatkowo mo\u017ce zawiera\u0107 wysuwane biurko, tworz\u0105c sp\u00f3jn\u0105 i niezwykle funkcjonaln\u0105 zabudow\u0119 \u015bciany.<\/p>\n\n\n\n<h3 class=\"wp-block-heading\" id=\"sofy-rozk\u0142adane:-rozmiary-i-funkcje\">Sofy rozk\u0142adane: rozmiary i funkcje<\/h3>\n\n\n\n<p>Wyb\u00f3r odpowiedniej sofy rozk\u0142adanej jest bardzo wa\u017cny. Sztuk\u0105 jest znalezienie kompromisu mi\u0119dzy komfortem snu a oszcz\u0119dno\u015bci\u0105 miejsca w ci\u0105gu dnia. Szukaj modeli oferuj\u0105cych <strong>powierzchni\u0119 spania o szeroko\u015bci co najmniej 140 cm<\/strong>. Przed zakupem koniecznie sprawd\u017a wymiary mebla \u2013 zar\u00f3wno z\u0142o\u017conego, jak i roz\u0142o\u017conego \u2013 aby upewni\u0107 si\u0119, \u017ce zmie\u015bci si\u0119 w wyznaczonym miejscu i nie ograniczy swobody poruszania si\u0119.<\/p>\n\n\n\n<p>Komfort codziennego spania zale\u017cy od mechanizmu rozk\u0142adania i jako\u015bci materaca. Nowoczesne systemy, takie jak \u201ew\u0142oski\u201d czy \u201edelfin\u201d, zapewniaj\u0105 r\u00f3wn\u0105 i stabiln\u0105 powierzchni\u0119 bez niewygodnych przerw. <strong>Unikaj prostych mechanizm\u00f3w typu \u201eklik-klak\u201d<\/strong>, kt\u00f3re rzadko sprawdzaj\u0105 si\u0119 przy regularnym u\u017cytkowaniu.<\/p>\n\n\n\n<p>Funkcjonalno\u015b\u0107 to jednak nie tylko spanie. <strong>Pojemnik na po\u015bciel<\/strong> jest niezb\u0119dny \u2013 pozwoli schowa\u0107 ko\u0142dr\u0119 i poduszki, u\u0142atwiaj\u0105c utrzymanie porz\u0105dku w ci\u0105gu dnia. Warto te\u017c zwr\u00f3ci\u0107 uwag\u0119 na materia\u0142 obicia. Powinien by\u0107 wytrzyma\u0142y i \u0142atwy w czyszczeniu, a najlepiej plamoodporny. <strong>Tkaniny hydrofobowe<\/strong> to \u015bwietny wyb\u00f3r przy tak intensywnym, podw\u00f3jnym wykorzystaniu mebla.<\/p>\n\n\n\n<h3 class=\"wp-block-heading\" id=\"\u0142\u00f3\u017cka-chowane-i-meble-modu\u0142owe\">\u0141\u00f3\u017cka chowane i meble modu\u0142owe<\/h3>\n\n\n\n<p>P\u00f3\u0142kotapczan, czyli \u0142\u00f3\u017cko chowane w szafie, to rozwi\u0105zanie, kt\u00f3re pozwala <strong>w pe\u0142ni odzyska\u0107 przestrze\u0144 dzienn\u0105<\/strong>. W ci\u0105gu dnia mebel wygl\u0105da jak zwyk\u0142a szafa lub rega\u0142, a noc\u0105 w kilka sekund zmienia si\u0119 w pe\u0142nowymiarowe \u0142\u00f3\u017cko. To idealna opcja, aby bezkompromisowo oddzieli\u0107 stref\u0119 sypialnian\u0105 od salonu, nie trac\u0105c cennego metra\u017cu.<\/p>\n\n\n\n<p><strong>Meble modu\u0142owe<\/strong> zapewniaj\u0105 maksymaln\u0105 elastyczno\u015b\u0107 \u2013 mo\u017cna je dowolnie konfigurowa\u0107, a w przysz\u0142o\u015bci tak\u017ce rozbudowywa\u0107. Przyk\u0142adowe rozwi\u0105zania to:<\/p>\n\n\n\n<ul class=\"wp-block-list\">\n<li>Rega\u0142y z wysuwanym blatem pe\u0142ni\u0105cym funkcj\u0119 biurka.<\/li>\n\n\n\n<li>Szafki, kt\u00f3re mo\u017cna ze sob\u0105 \u0142\u0105czy\u0107 w r\u00f3\u017cne zestawy.<\/li>\n\n\n\n<li>Lekkie p\u00f3\u0142ki do samodzielnego monta\u017cu, pozwalaj\u0105ce dostosowa\u0107 aran\u017cacj\u0119 do bie\u017c\u0105cych potrzeb.<\/li>\n<\/ul>\n\n\n\n<p>Ciekaw\u0105 alternatyw\u0105, szczeg\u00f3lnie w mieszkaniach z wysokim sufitem, jest <strong>budowa antresoli<\/strong>. Podniesienie \u0142\u00f3\u017cka nad poziom pod\u0142ogi uwalnia ca\u0142\u0105 doln\u0105 powierzchni\u0119, kt\u00f3r\u0105 mo\u017cna przeznaczy\u0107 na stref\u0119 dzienn\u0105 z sof\u0105, k\u0105cik do pracy lub dodatkow\u0105 przestrze\u0144 do przechowywania. Antresola to odwa\u017cne, ale niezwykle efektywne rozwi\u0105zanie, kt\u00f3re pozwala podwoi\u0107 funkcjonalno\u015b\u0107 pokoju o powierzchni 20 m\u00b2.<\/p>\n\n\n\n<h2 class=\"wp-block-heading\" id=\"przechowywanie-w-pokoju-dziennym-z-sypialni\u0105-20-m2\">Przechowywanie w pokoju dziennym z sypialni\u0105 20 m2<\/h2>\n\n\n\n<p>W pokoju pe\u0142ni\u0105cym podw\u00f3jn\u0105 funkcj\u0119 kluczowe jest <strong>inteligentne przechowywanie<\/strong>. Na 20 m\u00b2 ka\u017cdy przedmiot bez sta\u0142ego miejsca wprowadza chaos i optycznie pomniejsza wn\u0119trze. Zamiast dok\u0142ada\u0107 kolejne meble, warto maksymalnie wykorzysta\u0107 posiadane i wybra\u0107 rozwi\u0105zania, kt\u00f3re pozwol\u0105 ukry\u0107 to, co nie musi by\u0107 na widoku.<\/p>\n\n\n\n<p>Aby zyska\u0107 jak najwi\u0119cej miejsca, <strong>wykorzystaj wysoko\u015b\u0107 pomieszczenia<\/strong>. Zamiast niskich kom\u00f3d, wybierz meble si\u0119gaj\u0105ce sufitu \u2013 wysokie szafy czy rega\u0142y. Dzi\u0119ki temu pomie\u015bcisz znacznie wi\u0119cej, od ubra\u0144 po sezonowe akcesoria. Dodatkowy trik? <strong>Fronty z lustrem<\/strong>, kt\u00f3re optycznie powi\u0119ksz\u0105 pok\u00f3j.<\/p>\n\n\n\n<p>Nie zapominaj o \u015bcianach! Przenosz\u0105c przechowywanie wy\u017cej, oszcz\u0119dzasz cenne miejsce na pod\u0142odze. <strong>Wisz\u0105ce p\u00f3\u0142ki i pionowe rega\u0142y<\/strong> to doskona\u0142y spos\u00f3b na ekspozycj\u0119 ksi\u0105\u017cek czy dekoracji bez przyt\u0142aczania wn\u0119trza, co sprawi, \u017ce pok\u00f3j wyda si\u0119 l\u017cejszy i bardziej przestronny.<\/p>\n\n\n\n<h3 class=\"wp-block-heading\" id=\"szafy-przesuwne-i-pionowe-systemy\">Szafy przesuwne i pionowe systemy<\/h3>\n\n\n\n<p>Wybieraj\u0105c szaf\u0119 do pokoju o powierzchni 20 m\u00b2, wybierz <strong>model z drzwiami przesuwnymi<\/strong>. To rozwi\u0105zanie oszcz\u0119dza cenne centymetry, poniewa\u017c fronty nie wymagaj\u0105 dodatkowej przestrzeni do otwierania. Idealnie sprawdzaj\u0105 si\u0119 <strong>szafy si\u0119gaj\u0105ce samego sufitu<\/strong> \u2013 maksymalizuj\u0105 pojemno\u015b\u0107 i pozwalaj\u0105 schowa\u0107 nie tylko ubrania, ale te\u017c walizki czy sprz\u0119t sportowy. Je\u015bli masz wn\u0119k\u0119, dopasowany do niej model modu\u0142owy zapewni maksymaln\u0105 elastyczno\u015b\u0107 \u2013 wn\u0119trze zorganizujesz za pomoc\u0105 szuflad, dr\u0105\u017ck\u00f3w i p\u00f3\u0142ek, tworz\u0105c idealny system przechowywania.<\/p>\n\n\n\n<p>Wykorzystaj \u015bciany, aby przenie\u015b\u0107 przechowywanie z pod\u0142ogi w g\u00f3r\u0119 i optycznie odci\u0105\u017cy\u0107 przestrze\u0144. Sprawdz\u0105 si\u0119 tu:<\/p>\n\n\n\n<ul class=\"wp-block-list\">\n<li><strong>Wielopoziomowe p\u00f3\u0142ki wisz\u0105ce<\/strong> na ksi\u0105\u017cki i drobiazgi.<\/li>\n\n\n\n<li><strong>Organizery \u015bcienne<\/strong> na akcesoria.<\/li>\n\n\n\n<li><strong>A\u017curowe rega\u0142y<\/strong>, kt\u00f3re mog\u0105 dodatkowo pe\u0142ni\u0107 funkcj\u0119 lekkiej przegrody, oddzielaj\u0105cej stref\u0119 dzienn\u0105 od sypialnianej bez blokowania \u015bwiat\u0142a.<\/li>\n<\/ul>\n\n\n\n<h2 class=\"wp-block-heading\" id=\"o\u015bwietlenie-i-naturalne-\u015bwiat\u0142o-w-ma\u0142ym-salonie\">O\u015bwietlenie i naturalne \u015bwiat\u0142o w ma\u0142ym salonie<\/h2>\n\n\n\n<p>Zapomnij o jednej, centralnej lampie na \u015brodku sufitu. W aran\u017cacji salonu z sypialni\u0105 na 20 m\u00b2 kluczowe jest <strong>o\u015bwietlenie wielopunktowe<\/strong>. Zamiast jednego mocnego \u017ar\u00f3d\u0142a, kt\u00f3re tworzy ostre cienie i optycznie zmniejsza przestrze\u0144, wybierz kilka mniejszych, strategicznie rozmieszczonych lamp. Takie rozwi\u0105zanie r\u00f3wnomiernie rozprasza \u015bwiat\u0142o, eliminuje ciemne zakamarki i sprawia, \u017ce wzrok swobodnie w\u0119druje po ca\u0142ym wn\u0119trzu, daj\u0105c wra\u017cenie wi\u0119kszej przestronno\u015bci.<\/p>\n\n\n\n<p>W praktyce jako o\u015bwietlenie g\u0142\u00f3wne \u015bwietnie sprawdzaj\u0105 si\u0119:<\/p>\n\n\n\n<ul class=\"wp-block-list\">\n<li><strong>Nowoczesne lampy sufitowe<\/strong> z 4-5 regulowanymi punktami \u015bwietlnymi, kt\u00f3re mo\u017cna skierowa\u0107 na kluczowe strefy.<\/li>\n\n\n\n<li><strong>Dyskretne reflektory typu downlight<\/strong> montowane blisko sufitu.<\/li>\n\n\n\n<li><strong>Kinkiety \u015bcienne<\/strong>, kt\u00f3re dodaj\u0105 wn\u0119trzu przytulno\u015bci i g\u0142\u0119bi.<\/li>\n<\/ul>\n\n\n\n<p>Dzi\u0119ki takiemu wielopunktowemu systemowi pomieszczenie staje si\u0119 nie tylko ja\u015bniejsze, ale i znacznie bardziej funkcjonalne.<\/p>\n\n\n\n<h3 class=\"wp-block-heading\" id=\"lokalne-o\u015bwietlenie-i-regulacja-nat\u0119\u017cenia\">Lokalne o\u015bwietlenie i regulacja nat\u0119\u017cenia<\/h3>\n\n\n\n<p>Po rozplanowaniu o\u015bwietlenia g\u0142\u00f3wnego warto zadba\u0107 o <strong>\u015bwiat\u0142o lokalne<\/strong>, kt\u00f3re podkre\u015bli funkcjonalno\u015b\u0107 poszczeg\u00f3lnych stref. Lampa pod\u0142ogowa przy sofie stworzy idealny k\u0105cik do czytania, a kinkiety po obu stronach \u0142\u00f3\u017cka subtelnie do\u015bwietl\u0105 stref\u0119 snu. Takie lampy punktowe pomagaj\u0105 te\u017c wizualnie oddzieli\u0107 cz\u0119\u015b\u0107 dzienn\u0105 od nocnej i zbudowa\u0107 odpowiedni nastr\u00f3j.<\/p>\n\n\n\n<p>Wa\u017cna jest te\u017c mo\u017cliwo\u015b\u0107 regulacji. <strong>Zainwestuj w \u015bciemniacze<\/strong>, kt\u00f3re pozwol\u0105 Ci p\u0142ynnie zmienia\u0107 nat\u0119\u017cenie \u015bwiat\u0142a w zale\u017cno\u015bci od pory dnia i nastroju. Mocne, jasne \u015bwiat\u0142o przyda si\u0119 podczas spotka\u0144 ze znajomymi, a delikatne, przygaszone stworzy intymn\u0105 atmosfer\u0119 do wieczornego relaksu. W strefie sypialnianej kinkiety powinny emitowa\u0107 ciep\u0142e, \u0142agodne \u015bwiat\u0142o, kt\u00f3re sprzyja wyciszeniu i nie razi w oczy.<\/p>\n\n\n\n<p>Nowoczesnym rozwi\u0105zaniem s\u0105 r\u00f3wnie\u017c <strong>inteligentne \u017car\u00f3wki<\/strong>, kt\u00f3rymi mo\u017cesz sterowa\u0107 za pomoc\u0105 aplikacji w telefonie. Pozwalaj\u0105 one nie tylko na zmian\u0119 nat\u0119\u017cenia, ale tak\u017ce temperatury barwowej \u015bwiat\u0142a \u2013 od ch\u0142odnej, pobudzaj\u0105cej bieli idealnej do pracy, po ciep\u0142e, relaksuj\u0105ce odcienie \u017c\u00f3\u0142ci. Takie elastyczne podej\u015bcie do o\u015bwietlenia sprawia, \u017ce wn\u0119trze staje si\u0119 bardziej funkcjonalne i wydaje si\u0119 wi\u0119ksze.<\/p>\n\n\n\n<h2 class=\"wp-block-heading\" id=\"kolorystyka-i-triki-wizualne-powi\u0119kszaj\u0105ce-przestrze\u0144\">Kolorystyka i triki wizualne powi\u0119kszaj\u0105ce przestrze\u0144<\/h2>\n\n\n\n<p>Odpowiednia paleta barw jest kluczowa w optycznym powi\u0119kszeniu pokoju o powierzchni 20 m\u00b2. Najlepiej sprawdzaj\u0105 si\u0119 <strong>jasne, stonowane kolory<\/strong>: biel, be\u017ce, jasne szaro\u015bci czy pastele. Taka kolorystyka \u015bcian i mebli odbija \u015bwiat\u0142o, rozja\u015bnia wn\u0119trze i tworzy iluzj\u0119 wi\u0119kszej przestrzeni. Dzi\u0119ki temu aran\u017cacja zyskuje na lekko\u015bci, a Ty unikasz efektu przyt\u0142oczenia.<\/p>\n\n\n\n<p>Poza kolorami warto si\u0119gn\u0105\u0107 po sprawdzone triki wizualne. Jednym z najskuteczniejszych jest <strong>strategiczne umieszczenie luster<\/strong>. Du\u017ce lustro zawieszone naprzeciwko okna nie tylko odbije \u015bwiat\u0142o, ale tak\u017ce stworzy iluzj\u0119 g\u0142\u0119bi, sprawiaj\u0105c, \u017ce pok\u00f3j wyda si\u0119 niemal dwukrotnie wi\u0119kszy.<\/p>\n\n\n\n<p>Je\u015bli chcesz wizualnie poszerzy\u0107 pomieszczenie, rozwa\u017c zastosowanie <strong>poziomych pas\u00f3w na jednej ze \u015bcian<\/strong>. Taki zabieg sprawi, \u017ce \u015bciana b\u0119dzie wydawa\u0142a si\u0119 d\u0142u\u017csza, a ca\u0142y pok\u00f3j zyska na proporcjach. Pami\u0119taj jednak o umiarze \u2013 jasna baza kolorystyczna w po\u0142\u0105czeniu z kilkoma sprytnymi trikami wizualnymi przyniesie najlepszy efekt.<\/p>\n\n\n\n<h2 class=\"wp-block-heading\" id=\"ergonomia,-wymiary-i-typowe-b\u0142\u0119dy-przy-aran\u017cacji\">Ergonomia, wymiary i typowe b\u0142\u0119dy przy aran\u017cacji<\/h2>\n\n\n\n<p>W aran\u017cacji pokoju o powierzchni 20 m\u00b2 <strong>ergonomia<\/strong> jest kluczowa. To w\u0142a\u015bnie precyzyjne planowanie i unikanie typowych b\u0142\u0119d\u00f3w decyduje o komforcie i funkcjonalno\u015bci wn\u0119trza. Najwa\u017cniejsze jest zachowanie swobody ruchu i dob\u00f3r mebli o odpowiednich proporcjach.<\/p>\n\n\n\n<p>Podstaw\u0105 ergonomii w ma\u0142ym wn\u0119trzu jest zapewnienie swobodnych ci\u0105g\u00f3w komunikacyjnych. Pami\u0119taj, by zachowa\u0107 <strong>minimum 60-80 cm wolnej przestrzeni<\/strong> mi\u0119dzy meblami. Taki odst\u0119p pozwoli Ci nie tylko na wygodne poruszanie si\u0119, ale tak\u017ce na swobodne otwieranie szafek czy rozk\u0142adanie sofy bez przesuwania innych element\u00f3w. Je\u015bli planujesz te\u017c k\u0105cik do pracy, zadbaj o odpowiedni\u0105 wysoko\u015b\u0107 blatu i wygodne krzes\u0142o, aby zapewni\u0107 sobie prawid\u0142ow\u0105 postaw\u0119.<\/p>\n\n\n\n<p>Wielko\u015b\u0107 mebli musi by\u0107 dopasowana do skali pomieszczenia. Zamiast masywnej kanapy, wybierz zgrabn\u0105, rozk\u0142adan\u0105 sof\u0119 o powierzchni spania nieprzekraczaj\u0105cej 150&nbsp;\u00d7&nbsp;200 cm. Unikaj ci\u0119\u017ckich, przysadzistych mebli, kt\u00f3re dominuj\u0105 przestrze\u0144. Zamiast nich wybierz <strong>meble o lekkiej konstrukcji<\/strong>, na przyk\u0142ad na wysokich, smuk\u0142ych n\u00f3\u017ckach, kt\u00f3re dodaj\u0105 wn\u0119trzu \u201eoddechu\u201d. Proste, geometryczne kszta\u0142ty i jasna kolorystyka dodatkowo spot\u0119guj\u0105 wra\u017cenie przestronno\u015bci.<\/p>\n\n\n\n<p>Najcz\u0119stszy b\u0142\u0105d? <strong>Zagracanie wn\u0119trza nadmiarem mebli<\/strong> i dekoracji, co wprowadza chaos i optycznie je pomniejsza. Kolejn\u0105 pu\u0142apk\u0105 jest brak sp\u00f3jnego systemu przechowywania \u2013 zamiast wielu ma\u0142ych kom\u00f3d, znacznie lepiej sprawdzi si\u0119 jeden pojemny mebel, np. szafa si\u0119gaj\u0105ca sufitu. Pami\u0119taj te\u017c o wykorzystaniu potencja\u0142u mebli wielofunkcyjnych, kt\u00f3re pomagaj\u0105 utrzyma\u0107 porz\u0105dek.<\/p>\n\n\n\n<h3 class=\"wp-block-heading\" id=\"typowe-wymiary-mebli-do-20-m2\">Typowe wymiary mebli do 20 m2<\/h3>\n\n\n\n<p>Wyb\u00f3r mebli o odpowiednich gabarytach jest kluczowy. Warto wybra\u0107 kompaktowe modele, pami\u0119taj\u0105c o zachowaniu ok. 60-80 cm wolnego przej\u015bcia mi\u0119dzy nimi:<\/p>\n\n\n\n<ul class=\"wp-block-list\">\n<li><strong>Sofa rozk\u0142adana<\/strong>\u2013 powierzchnia spania ok. 150\u00a0\u00d7\u00a0200 cm (np. modele Sentila, Lango) ze wbudowanym pojemnikiem na po\u015bciel.<\/li>\n\n\n\n<li><strong>Stolik kawowy<\/strong>\u2013 szeroko\u015b\u0107 do 80-100 cm, najlepiej z dodatkowym schowkiem.<\/li>\n\n\n\n<li><strong>\u0141\u00f3\u017cko chowane w szafie<\/strong>\u2013 optymalna szeroko\u015b\u0107 materaca to 90-140 cm.<\/li>\n<\/ul>\n\n\n\n<p><\/p>\n","protected":false},"excerpt":{"rendered":"<p>Aran\u017cacja ma\u0142ej przestrzeni, kt\u00f3ra pe\u0142ni funkcj\u0119 salonu i sypialni, to spore wyzwanie. Kluczem do sukcesu jest optyczne powi\u0119kszenie wn\u0119trza i wyb\u00f3r wielofunkcyjnych mebli. Zobacz, jak urz\u0105dzi\u0107 pok\u00f3j dzienny z sypialni\u0105&#8230;<\/p>\n","protected":false},"author":1,"featured_media":2798,"comment_status":"closed","ping_status":"closed","sticky":false,"template":"","format":"standard","meta":{"_kad_blocks_custom_css":"","_kad_blocks_head_custom_js":"","_kad_blocks_body_custom_js":"","_kad_blocks_footer_custom_js":"","_kad_post_transparent":"","_kad_post_title":"","_kad_post_layout":"","_kad_post_sidebar_id":"","_kad_post_content_style":"","_kad_post_vertical_padding":"","_kad_post_feature":"","_kad_post_feature_position":"","_kad_post_header":false,"_kad_post_footer":false,"_kad_post_classname":"","footnotes":""},"categories":[61],"tags":[],"class_list":["post-2797","post","type-post","status-publish","format-standard","has-post-thumbnail","hentry","category-porady-domowe"],"taxonomy_info":{"category":[{"value":61,"label":"Porady domowe"}]},"featured_image_src_large":["https:\/\/www.lasher.com.pl\/blog\/wp-content\/uploads\/2026\/03\/Jak-urzadzic-pokoj-dzienny-z-sypialnia-20m2-1024x559.png",1024,559,true],"author_info":{"display_name":"lasher","author_link":"https:\/\/www.lasher.com.pl\/blog\/autor\/lasher"},"comment_info":0,"category_info":[{"term_id":61,"name":"Porady domowe","slug":"porady-domowe","term_group":0,"term_taxonomy_id":61,"taxonomy":"category","description":"","parent":0,"count":10,"filter":"raw","cat_ID":61,"category_count":10,"category_description":"","cat_name":"Porady domowe","category_nicename":"porady-domowe","category_parent":0}],"tag_info":false,"_links":{"self":[{"href":"https:\/\/www.lasher.com.pl\/blog\/wp-json\/wp\/v2\/posts\/2797","targetHints":{"allow":["GET"]}}],"collection":[{"href":"https:\/\/www.lasher.com.pl\/blog\/wp-json\/wp\/v2\/posts"}],"about":[{"href":"https:\/\/www.lasher.com.pl\/blog\/wp-json\/wp\/v2\/types\/post"}],"author":[{"embeddable":true,"href":"https:\/\/www.lasher.com.pl\/blog\/wp-json\/wp\/v2\/users\/1"}],"replies":[{"embeddable":true,"href":"https:\/\/www.lasher.com.pl\/blog\/wp-json\/wp\/v2\/comments?post=2797"}],"version-history":[{"count":1,"href":"https:\/\/www.lasher.com.pl\/blog\/wp-json\/wp\/v2\/posts\/2797\/revisions"}],"predecessor-version":[{"id":2799,"href":"https:\/\/www.lasher.com.pl\/blog\/wp-json\/wp\/v2\/posts\/2797\/revisions\/2799"}],"wp:featuredmedia":[{"embeddable":true,"href":"https:\/\/www.lasher.com.pl\/blog\/wp-json\/wp\/v2\/media\/2798"}],"wp:attachment":[{"href":"https:\/\/www.lasher.com.pl\/blog\/wp-json\/wp\/v2\/media?parent=2797"}],"wp:term":[{"taxonomy":"category","embeddable":true,"href":"https:\/\/www.lasher.com.pl\/blog\/wp-json\/wp\/v2\/categories?post=2797"},{"taxonomy":"post_tag","embeddable":true,"href":"https:\/\/www.lasher.com.pl\/blog\/wp-json\/wp\/v2\/tags?post=2797"}],"curies":[{"name":"wp","href":"https:\/\/api.w.org\/{rel}","templated":true}]}}